{"id":1654,"date":"2024-02-16T18:53:10","date_gmt":"2024-02-16T17:53:10","guid":{"rendered":"https:\/\/toepferei-lattner.ch\/wordpress\/?p=1654"},"modified":"2024-02-16T18:53:10","modified_gmt":"2024-02-16T17:53:10","slug":"warten-auf-den-morgestraich","status":"publish","type":"post","link":"https:\/\/toepferei-lattner.ch\/wordpress\/?p=1654","title":{"rendered":"Warten auf den Morgestraich"},"content":{"rendered":"\n<p>Aschermittwoch ist vorbei und damit in vielen Kantonen auch die Fasnacht.<br>In den L\u00e4den entdeckt man bereits die ersten Osterhasen.<br>In Basel aber stehen der Morgestraich und die drei sch\u00f6nsten Tage noch bevor und so warten wir &#8211; wie die neuen Minifig\u00fcrchen auf ihrem B\u00e4nkli&#8230;<\/p>\n\n\n\n<figure class=\"wp-block-gallery has-nested-images columns-2 is-cropped wp-block-gallery-1 is-layout-flex wp-block-gallery-is-layout-flex\">\n<figure class=\"wp-block-image size-large\"><img loading=\"lazy\" decoding=\"async\" width=\"900\" height=\"900\" data-id=\"1657\" src=\"https:\/\/toepferei-lattner.ch\/wordpress\/wp-content\/uploads\/2024\/02\/DSCN3394.jpg\" alt=\"\" class=\"wp-image-1657\" srcset=\"https:\/\/toepferei-lattner.ch\/wordpress\/wp-content\/uploads\/2024\/02\/DSCN3394.jpg 900w, https:\/\/toepferei-lattner.ch\/wordpress\/wp-content\/uploads\/2024\/02\/DSCN3394-300x300.jpg 300w, https:\/\/toepferei-lattner.ch\/wordpress\/wp-content\/uploads\/2024\/02\/DSCN3394-150x150.jpg 150w, https:\/\/toepferei-lattner.ch\/wordpress\/wp-content\/uploads\/2024\/02\/DSCN3394-768x768.jpg 768w\" sizes=\"auto, (max-width: 900px) 100vw, 900px\" \/><\/figure>\n\n\n\n<figure class=\"wp-block-image size-large\"><img loading=\"lazy\" decoding=\"async\" width=\"900\" height=\"900\" data-id=\"1658\" src=\"https:\/\/toepferei-lattner.ch\/wordpress\/wp-content\/uploads\/2024\/02\/DSCN3398.jpg\" alt=\"\" class=\"wp-image-1658\" srcset=\"https:\/\/toepferei-lattner.ch\/wordpress\/wp-content\/uploads\/2024\/02\/DSCN3398.jpg 900w, https:\/\/toepferei-lattner.ch\/wordpress\/wp-content\/uploads\/2024\/02\/DSCN3398-300x300.jpg 300w, https:\/\/toepferei-lattner.ch\/wordpress\/wp-content\/uploads\/2024\/02\/DSCN3398-150x150.jpg 150w, https:\/\/toepferei-lattner.ch\/wordpress\/wp-content\/uploads\/2024\/02\/DSCN3398-768x768.jpg 768w\" sizes=\"auto, (max-width: 900px) 100vw, 900px\" \/><\/figure>\n\n\n\n<figure class=\"wp-block-image size-large\"><img loading=\"lazy\" decoding=\"async\" width=\"900\" height=\"900\" data-id=\"1655\" src=\"https:\/\/toepferei-lattner.ch\/wordpress\/wp-content\/uploads\/2024\/02\/DSCN3402.jpg\" alt=\"\" class=\"wp-image-1655\" srcset=\"https:\/\/toepferei-lattner.ch\/wordpress\/wp-content\/uploads\/2024\/02\/DSCN3402.jpg 900w, https:\/\/toepferei-lattner.ch\/wordpress\/wp-content\/uploads\/2024\/02\/DSCN3402-300x300.jpg 300w, https:\/\/toepferei-lattner.ch\/wordpress\/wp-content\/uploads\/2024\/02\/DSCN3402-150x150.jpg 150w, https:\/\/toepferei-lattner.ch\/wordpress\/wp-content\/uploads\/2024\/02\/DSCN3402-768x768.jpg 768w\" sizes=\"auto, (max-width: 900px) 100vw, 900px\" \/><\/figure>\n\n\n\n<figure class=\"wp-block-image size-large\"><img loading=\"lazy\" decoding=\"async\" width=\"900\" height=\"900\" data-id=\"1656\" src=\"https:\/\/toepferei-lattner.ch\/wordpress\/wp-content\/uploads\/2024\/02\/DSCN3406.jpg\" alt=\"\" class=\"wp-image-1656\" srcset=\"https:\/\/toepferei-lattner.ch\/wordpress\/wp-content\/uploads\/2024\/02\/DSCN3406.jpg 900w, https:\/\/toepferei-lattner.ch\/wordpress\/wp-content\/uploads\/2024\/02\/DSCN3406-300x300.jpg 300w, https:\/\/toepferei-lattner.ch\/wordpress\/wp-content\/uploads\/2024\/02\/DSCN3406-150x150.jpg 150w, https:\/\/toepferei-lattner.ch\/wordpress\/wp-content\/uploads\/2024\/02\/DSCN3406-768x768.jpg 768w\" sizes=\"auto, (max-width: 900px) 100vw, 900px\" \/><\/figure>\n<\/figure>\n\n\n\n<p>Waggis, Harlekin, alte Tante und Ueli im Miniformat  &#8211; jetzt als Einzelst\u00fccke im Shop bestellbar unter <a href=\"https:\/\/www.kerashop.ch\/fasnachtsfiguren\/minifiguren-memohalter\/\" target=\"_blank\" rel=\"noreferrer noopener\">diesem Link<\/a><\/p>\n\n\n\n<p>Und beim Warten vielleicht einen Kaffee oder Tee geniessen. Am besten nat\u00fcrlich in einer Fasnachtstasse.<\/p>\n\n\n\n<figure class=\"wp-block-gallery has-nested-images columns-2 is-cropped wp-block-gallery-2 is-layout-flex wp-block-gallery-is-layout-flex\">\n<figure class=\"wp-block-image size-large\"><img loading=\"lazy\" decoding=\"async\" width=\"1024\" height=\"682\" data-id=\"1660\" src=\"https:\/\/toepferei-lattner.ch\/wordpress\/wp-content\/uploads\/2024\/02\/DSCN3418-1024x682.jpg\" alt=\"\" class=\"wp-image-1660\" srcset=\"https:\/\/toepferei-lattner.ch\/wordpress\/wp-content\/uploads\/2024\/02\/DSCN3418-1024x682.jpg 1024w, https:\/\/toepferei-lattner.ch\/wordpress\/wp-content\/uploads\/2024\/02\/DSCN3418-300x200.jpg 300w, https:\/\/toepferei-lattner.ch\/wordpress\/wp-content\/uploads\/2024\/02\/DSCN3418-768x512.jpg 768w, https:\/\/toepferei-lattner.ch\/wordpress\/wp-content\/uploads\/2024\/02\/DSCN3418.jpg 1280w\" sizes=\"auto, (max-width: 1024px) 100vw, 1024px\" \/><\/figure>\n\n\n\n<figure class=\"wp-block-image size-large\"><img loading=\"lazy\" decoding=\"async\" width=\"1024\" height=\"682\" data-id=\"1661\" src=\"https:\/\/toepferei-lattner.ch\/wordpress\/wp-content\/uploads\/2024\/02\/DSCN3419-1024x682.jpg\" alt=\"\" class=\"wp-image-1661\" srcset=\"https:\/\/toepferei-lattner.ch\/wordpress\/wp-content\/uploads\/2024\/02\/DSCN3419-1024x682.jpg 1024w, https:\/\/toepferei-lattner.ch\/wordpress\/wp-content\/uploads\/2024\/02\/DSCN3419-300x200.jpg 300w, https:\/\/toepferei-lattner.ch\/wordpress\/wp-content\/uploads\/2024\/02\/DSCN3419-768x512.jpg 768w, https:\/\/toepferei-lattner.ch\/wordpress\/wp-content\/uploads\/2024\/02\/DSCN3419.jpg 1280w\" sizes=\"auto, (max-width: 1024px) 100vw, 1024px\" \/><\/figure>\n\n\n\n<figure class=\"wp-block-image size-large\"><img loading=\"lazy\" decoding=\"async\" width=\"1024\" height=\"682\" data-id=\"1662\" src=\"https:\/\/toepferei-lattner.ch\/wordpress\/wp-content\/uploads\/2024\/02\/DSCN3420-1024x682.jpg\" alt=\"\" class=\"wp-image-1662\" srcset=\"https:\/\/toepferei-lattner.ch\/wordpress\/wp-content\/uploads\/2024\/02\/DSCN3420-1024x682.jpg 1024w, https:\/\/toepferei-lattner.ch\/wordpress\/wp-content\/uploads\/2024\/02\/DSCN3420-300x200.jpg 300w, https:\/\/toepferei-lattner.ch\/wordpress\/wp-content\/uploads\/2024\/02\/DSCN3420-768x512.jpg 768w, https:\/\/toepferei-lattner.ch\/wordpress\/wp-content\/uploads\/2024\/02\/DSCN3420.jpg 1280w\" sizes=\"auto, (max-width: 1024px) 100vw, 1024px\" \/><\/figure>\n\n\n\n<figure class=\"wp-block-image size-large\"><img loading=\"lazy\" decoding=\"async\" width=\"1024\" height=\"682\" data-id=\"1659\" src=\"https:\/\/toepferei-lattner.ch\/wordpress\/wp-content\/uploads\/2024\/02\/DSCN3421-1024x682.jpg\" alt=\"\" class=\"wp-image-1659\" srcset=\"https:\/\/toepferei-lattner.ch\/wordpress\/wp-content\/uploads\/2024\/02\/DSCN3421-1024x682.jpg 1024w, https:\/\/toepferei-lattner.ch\/wordpress\/wp-content\/uploads\/2024\/02\/DSCN3421-300x200.jpg 300w, https:\/\/toepferei-lattner.ch\/wordpress\/wp-content\/uploads\/2024\/02\/DSCN3421-768x512.jpg 768w, https:\/\/toepferei-lattner.ch\/wordpress\/wp-content\/uploads\/2024\/02\/DSCN3421.jpg 1280w\" sizes=\"auto, (max-width: 1024px) 100vw, 1024px\" \/><\/figure>\n<\/figure>\n\n\n\n<p>Fasnachtstassen gibt&#8217;s im Shop unter <a href=\"https:\/\/www.kerashop.ch\/fasnachtstassen-und-bierkr%C3%BCge\/\" target=\"_blank\" rel=\"noreferrer noopener\">diesem Link<\/a><\/p>\n\n\n\n<p>Allen Aktiven und Zuschauern w\u00fcnsche ich eine wundersch\u00f6ne Fasnacht!<\/p>\n","protected":false},"excerpt":{"rendered":"<p>Aschermittwoch ist vorbei und damit in vielen Kantonen auch die Fasnacht.In den L\u00e4den entdeckt man bereits die ersten Osterhasen.In Basel aber stehen der Morgestraich und die drei sch\u00f6nsten Tage noch bevor und so warten wir &#8211; wie die neuen Minifig\u00fcrchen auf ihrem B\u00e4nkli&#8230; Waggis, Harlekin, alte Tante und Ueli im Miniformat &#8211; jetzt als Einzelst\u00fccke &hellip; <a href=\"https:\/\/toepferei-lattner.ch\/wordpress\/?p=1654\" class=\"more-link\"><span class=\"screen-reader-text\">Warten auf den Morgestraich<\/span> weiterlesen<\/a><\/p>\n","protected":false},"author":1,"featured_media":1663,"comment_status":"closed","ping_status":"closed","sticky":false,"template":"","format":"standard","meta":{"footnotes":""},"categories":[166],"tags":[53,4,60,89,57,52],"class_list":["post-1654","post","type-post","status-publish","format-standard","has-post-thumbnail","hentry","category-fasnachtsfiguren","tag-alte-tante","tag-fasnachtsfiguren","tag-fasnachtstassen","tag-harlekin","tag-ueli","tag-waggis"],"_links":{"self":[{"href":"https:\/\/toepferei-lattner.ch\/wordpress\/index.php?rest_route=\/wp\/v2\/posts\/1654","targetHints":{"allow":["GET"]}}],"collection":[{"href":"https:\/\/toepferei-lattner.ch\/wordpress\/index.php?rest_route=\/wp\/v2\/posts"}],"about":[{"href":"https:\/\/toepferei-lattner.ch\/wordpress\/index.php?rest_route=\/wp\/v2\/types\/post"}],"author":[{"embeddable":true,"href":"https:\/\/toepferei-lattner.ch\/wordpress\/index.php?rest_route=\/wp\/v2\/users\/1"}],"replies":[{"embeddable":true,"href":"https:\/\/toepferei-lattner.ch\/wordpress\/index.php?rest_route=%2Fwp%2Fv2%2Fcomments&post=1654"}],"version-history":[{"count":2,"href":"https:\/\/toepferei-lattner.ch\/wordpress\/index.php?rest_route=\/wp\/v2\/posts\/1654\/revisions"}],"predecessor-version":[{"id":1665,"href":"https:\/\/toepferei-lattner.ch\/wordpress\/index.php?rest_route=\/wp\/v2\/posts\/1654\/revisions\/1665"}],"wp:featuredmedia":[{"embeddable":true,"href":"https:\/\/toepferei-lattner.ch\/wordpress\/index.php?rest_route=\/wp\/v2\/media\/1663"}],"wp:attachment":[{"href":"https:\/\/toepferei-lattner.ch\/wordpress\/index.php?rest_route=%2Fwp%2Fv2%2Fmedia&parent=1654"}],"wp:term":[{"taxonomy":"category","embeddable":true,"href":"https:\/\/toepferei-lattner.ch\/wordpress\/index.php?rest_route=%2Fwp%2Fv2%2Fcategories&post=1654"},{"taxonomy":"post_tag","embeddable":true,"href":"https:\/\/toepferei-lattner.ch\/wordpress\/index.php?rest_route=%2Fwp%2Fv2%2Ftags&post=1654"}],"curies":[{"name":"wp","href":"https:\/\/api.w.org\/{rel}","templated":true}]}}